{"id":7501,"date":"2025-01-28T13:07:35","date_gmt":"2025-01-28T13:07:35","guid":{"rendered":"https:\/\/proven.az\/?p=7501"},"modified":"2025-01-28T13:08:26","modified_gmt":"2025-01-28T13:08:26","slug":"modul-mebel-nedir","status":"publish","type":"post","link":"https:\/\/proven.az\/en\/modul-mebel-nedir\/","title":{"rendered":"Modul Mebel N\u0259dir? Ofisl\u0259r \u00fc\u00e7\u00fcn Modul Mebell\u0259r"},"content":{"rendered":"<h2><b>Modul mebel n\u0259dir?<\/b><\/h2>\n<p><b>Modul mebel<\/b><span style=\"font-weight: 400;\"> \u2014 t\u0259k par\u00e7adan ibar\u0259t olmayan, bir-biri il\u0259 uy\u011funla\u015fa bil\u0259n v\u0259 ist\u0259nil\u0259n zaman yenid\u0259n t\u0259rtib edil\u0259 bil\u0259n mebel n\u00f6v\u00fcd\u00fcr. Bu mebell\u0259r bir ne\u00e7\u0259 ki\u00e7ik b\u00f6lm\u0259d\u0259n (moduldan) ibar\u0259t olur v\u0259 f\u0259rqli ehtiyaclara g\u00f6r\u0259 asanl\u0131qla d\u0259yi\u015fdiril\u0259 bil\u0259r. <\/span><b>Modul mebell\u0259rin x\u00fcsusiyy\u0259tl\u0259ri<\/b><span style=\"font-weight: 400;\"> aras\u0131nda \u00e7eviklik, funksionall\u0131q v\u0259 istifad\u0259nin rahatl\u0131\u011f\u0131 \u00f6n\u0259mli yer tutur. Onlar h\u0259m evd\u0259, h\u0259m d\u0259 ofisl\u0259rd\u0259 geni\u015f istifad\u0259 olunur.<\/span><\/p>\n<p><b>Modul mebelin \u0259sas x\u00fcsusiyy\u0259tl\u0259ri:<\/b><\/p>\n<ul>\n<li style=\"font-weight: 400;\" aria-level=\"1\"><span style=\"font-weight: 400;\">\u00c7evik dizayn: M\u0259kan\u0131n \u00f6l\u00e7\u00fcs\u00fcn\u0259 uy\u011funla\u015f\u0131r.<\/span><\/li>\n<li style=\"font-weight: 400;\" aria-level=\"1\"><span style=\"font-weight: 400;\">F\u0259rdil\u0259\u015fdirm\u0259 imkan\u0131: \u0130stifad\u0259\u00e7il\u0259rin t\u0259l\u0259bl\u0259rin\u0259 g\u00f6r\u0259 d\u0259yi\u015fdiril\u0259 bilir.<\/span><\/li>\n<li style=\"font-weight: 400;\" aria-level=\"1\"><span style=\"font-weight: 400;\">D\u0259yi\u015fdiril\u0259 bil\u0259n elementl\u0259r: H\u0259r bir modul asanl\u0131qla \u00e7\u0131xar\u0131la v\u0259 ya yenisi il\u0259 \u0259v\u0259z edil\u0259 bil\u0259r.<\/span><\/li>\n<\/ul>\n<h2><b>Modul mebelin \u00fcst\u00fcnl\u00fckl\u0259ri:<\/b><\/h2>\n<ol>\n<li style=\"font-weight: 400;\" aria-level=\"1\"><b>\u00c7eviklik v\u0259 f\u0259rdil\u0259\u015fdirm\u0259:<\/b><span style=\"font-weight: 400;\"> Modul mebel m\u00fcxt\u0259lif m\u0259kanlara v\u0259 istifad\u0259\u00e7il\u0259rin z\u00f6vq\u00fcn\u0259 uy\u011funla\u015f\u0131r.<\/span><\/li>\n<li style=\"font-weight: 400;\" aria-level=\"1\"><b>M\u0259kan optimalla\u015fd\u0131r\u0131lmas\u0131:<\/b><span style=\"font-weight: 400;\"> Ki\u00e7ik v\u0259 ya qeyri-standart m\u0259kanda bel\u0259 rahat yerl\u0259\u015fdiril\u0259 bil\u0259r.<\/span><\/li>\n<li style=\"font-weight: 400;\" aria-level=\"1\"><b>Davaml\u0131l\u0131q v\u0259 uzun \u00f6m\u00fcr:<\/b><span style=\"font-weight: 400;\"> \u00c7\u0131xar\u0131la bil\u0259n hiss\u0259l\u0259r mebelin \u00f6mr\u00fcn\u00fc uzad\u0131r.<\/span><\/li>\n<\/ol>\n<h3><b>Modul mebelin tarixi v\u0259 inki\u015faf\u0131<\/b><\/h3>\n<p><span style=\"font-weight: 400;\">Modul mebelin tarixi XX \u0259srin ortalar\u0131na gedib \u00e7\u0131x\u0131r. \u0130lk d\u0259f\u0259 s\u0259naye istehsal\u0131n\u0131n inki\u015faf\u0131 il\u0259 birlikd\u0259 insanlar\u0131n f\u0259rdil\u0259\u015fdiril\u0259 bil\u0259n mebel\u0259 mara\u011f\u0131 artd\u0131. M\u00fcasir d\u00f6vrd\u0259 bu mebell\u0259r, x\u00fcsusil\u0259 ofis v\u0259 ev interyerind\u0259 populyar olub.<\/span><\/p>\n<h1><b>Modul mebelin n\u00f6vl\u0259ri<\/b><\/h1>\n<h2><b>\u018fsas modul mebel n\u00f6vl\u0259ri hans\u0131lard\u0131r?<\/b><\/h2>\n<p><span style=\"font-weight: 400;\">Modul mebel m\u00fcxt\u0259lif kateqoriyalara b\u00f6l\u00fcn\u00fcr v\u0259 h\u0259r bir kateqoriya f\u0259rqli t\u0259l\u0259bl\u0259r\u0259 cavab verir. A\u015fa\u011f\u0131da <\/span><b>modul mebel n\u00f6vl\u0259ri<\/b><span style=\"font-weight: 400;\"> haqq\u0131nda m\u0259lumat verilir:<\/span><\/p>\n<h3><b>Modul oturma mebell\u0259ri<\/b><\/h3>\n<p><span style=\"font-weight: 400;\">Modul divanlar, kreslolar v\u0259 oturacaqlar ist\u0259nil\u0259n zaman d\u0259yi\u015fdiril\u0259 bil\u0259r. Bu mebell\u0259r daha \u00e7ox ya\u015fay\u0131\u015f otaqlar\u0131 v\u0259 i\u015f yerl\u0259rind\u0259 istifad\u0259 olunur.<\/span><\/p>\n<h3><b>Modul masalar v\u0259 i\u015f masalar\u0131<\/b><\/h3>\n<p><span style=\"font-weight: 400;\">Ofisl\u0259rd\u0259 <\/span><b>modul i\u015f masalar\u0131<\/b><span style=\"font-weight: 400;\"> v\u0259 masa sisteml\u0259ri geni\u015f yay\u0131l\u0131b. Onlar i\u015f yerl\u0259rinin s\u0259m\u0259r\u0259liliyini art\u0131rma\u011fa k\u00f6m\u0259k edir.<\/span><\/p>\n<h3><b>Modul saxlama h\u0259ll\u0259ri<\/b><\/h3>\n<p><b>Modul r\u0259f sisteml\u0259ri<\/b><span style=\"font-weight: 400;\"> v\u0259 dolablar ki\u00e7ik yerl\u0259rd\u0259 bel\u0259 maksimum saxlama imkan\u0131 yarad\u0131r. Onlar h\u0259m evd\u0259, h\u0259m d\u0259 ofisd\u0259 funksional h\u0259ll\u0259r t\u0259qdim edir.<\/span><\/p>\n<h3><b>\u00c7oxfunksiyal\u0131 modul mebell\u0259r<\/b><\/h3>\n<p><span style=\"font-weight: 400;\">\u00c7oxfunksiyal\u0131 mebell\u0259r, m\u0259s\u0259l\u0259n, h\u0259m masa, h\u0259m d\u0259 yataq kimi istifad\u0259 edil\u0259 bil\u0259n sisteml\u0259r, m\u0259kan istifad\u0259sini daha effektiv edir.<\/span><\/p>\n<h1><b>Ofisl\u0259r \u00fc\u00e7\u00fcn modul mebelin \u00fcst\u00fcnl\u00fckl\u0259ri<\/b><\/h1>\n<h2><b>Niy\u0259 ofis m\u0259kanlar\u0131nda modul mebel se\u00e7m\u0259li?<\/b><\/h2>\n<p><b>Modul mebelin \u00fcst\u00fcnl\u00fckl\u0259ri<\/b><span style=\"font-weight: 400;\"> onu m\u00fcasir ofisl\u0259r \u00fc\u00e7\u00fcn \u0259v\u0259zolunmaz edir.<\/span><\/p>\n<ol>\n<li style=\"font-weight: 400;\" aria-level=\"1\"><b>\u00c7eviklik v\u0259 uy\u011funla\u015fma:<\/b><span style=\"font-weight: 400;\"> Modul mebel f\u0259rqli planlara v\u0259 t\u0259l\u0259bl\u0259r\u0259 asanl\u0131qla uy\u011funla\u015f\u0131r.<\/span><\/li>\n<li style=\"font-weight: 400;\" aria-level=\"1\"><b>Maya d\u0259y\u0259ri v\u0259 geni\u015fl\u0259nm\u0259:<\/b><span style=\"font-weight: 400;\"> Bu mebell\u0259r b\u00fcdc\u0259 bax\u0131m\u0131ndan s\u0259rf\u0259lidir v\u0259 ehtiyac artd\u0131qca \u0259lav\u0259 hiss\u0259l\u0259rl\u0259 geni\u015fl\u0259ndiril\u0259 bil\u0259r.<\/span><\/li>\n<li style=\"font-weight: 400;\" aria-level=\"1\"><b>\u018fm\u0259kda\u015fl\u0131q m\u00fchiti yaratmaq:<\/b><span style=\"font-weight: 400;\"> A\u00e7\u0131q planl\u0131 ofisl\u0259rd\u0259 modul mebel komanda \u00fczvl\u0259rinin birg\u0259 i\u015fl\u0259m\u0259sini asanla\u015fd\u0131r\u0131r.<\/span><\/li>\n<li style=\"font-weight: 400;\" aria-level=\"1\"><b>Davaml\u0131l\u0131q v\u0259 asan qulluq:<\/b><span style=\"font-weight: 400;\"> Modul mebelin hiss\u0259l\u0259ri t\u0259mir edil\u0259 v\u0259 ya \u0259v\u0259z edil\u0259 bil\u0259r, bu da onun uzun m\u00fcdd\u0259t istifad\u0259sini t\u0259min edir.<\/span><\/li>\n<\/ol>\n<h3><b>\u018fm\u0259kda\u015fl\u0131q v\u0259 m\u0259hsuldarl\u0131q \u00fc\u00e7\u00fcn uy\u011fun h\u0259ll\u0259r<\/b><\/h3>\n<p><span style=\"font-weight: 400;\">Ofis modullar\u0131 \u0259m\u0259kda\u015fl\u0131\u011f\u0131 t\u0259\u015fviq ed\u0259r\u0259k komanda i\u015fini daha effektiv edir. Bundan \u0259lav\u0259, <\/span><b>ergonomik modul mebel<\/b><span style=\"font-weight: 400;\"> i\u015f\u00e7il\u0259rin rahatl\u0131\u011f\u0131na t\u00f6hf\u0259 verir.<\/span><\/p>\n<h2><b>Modul mebel il\u0259 effektiv ofis nec\u0259 dizayn edilm\u0259lidir?<\/b><\/h2>\n<p><span style=\"font-weight: 400;\">Ofis dizayn\u0131nda modul mebel istifad\u0259 ed\u0259rk\u0259n ilk add\u0131m m\u0259kan\u0131n t\u0259l\u0259bl\u0259rini d\u00fczg\u00fcn qiym\u0259tl\u0259ndirm\u0259kdir. Ofis ehtiyaclar\u0131 v\u0259 i\u015f\u00e7il\u0259rin g\u00fcnd\u0259lik f\u0259aliyy\u0259tl\u0259ri n\u0259z\u0259r\u0259 al\u0131nmal\u0131d\u0131r. M\u0259kan\u0131n \u00f6l\u00e7\u00fcs\u00fcn\u0259 uy\u011fun <\/span><b>modul mebel h\u0259ll\u0259ri<\/b><span style=\"font-weight: 400;\"> se\u00e7m\u0259k h\u0259m estetik, h\u0259m d\u0259 funksional bir i\u015f m\u00fchiti yaratma\u011fa imkan verir.<\/span><\/p>\n<p><span style=\"font-weight: 400;\">A\u00e7\u0131q planl\u0131 ofisl\u0259rd\u0259 modul mebel x\u00fcsusil\u0259 yararl\u0131d\u0131r. M\u0259s\u0259l\u0259n, <\/span><b>modul masalar v\u0259 i\u015f stansiyalar\u0131<\/b><span style=\"font-weight: 400;\"> komanda i\u015fini asanla\u015fd\u0131rmaq \u00fc\u00e7\u00fcn \u00e7evik \u015f\u0259kild\u0259 t\u0259rtib edil\u0259 bil\u0259r. Bununla yana\u015f\u0131, \u00f6z\u0259l ofisl\u0259rd\u0259 is\u0259 f\u0259rdi i\u015fl\u0259y\u0259n i\u015f\u00e7il\u0259rin m\u0259hsuldarl\u0131\u011f\u0131n\u0131 art\u0131rmaq \u00fc\u00e7\u00fcn balansl\u0131 h\u0259ll\u0259r t\u0259min etm\u0259k vacibdir.<\/span><\/p>\n<h3><b>M\u0259kan\u0131n optimalla\u015fd\u0131r\u0131lmas\u0131 v\u0259 balans<\/b><\/h3>\n<p><span style=\"font-weight: 400;\">Modul mebel se\u00e7\u0259rk\u0259n funksionall\u0131q v\u0259 estetikaya eyni d\u0259r\u0259c\u0259d\u0259 diqq\u0259t yetirm\u0259k laz\u0131md\u0131r. <\/span><b>Ergonomik kreslolar v\u0259 t\u0259nziml\u0259n\u0259n masalar<\/b><span style=\"font-weight: 400;\"> i\u015f\u00e7il\u0259rin rahatl\u0131\u011f\u0131n\u0131 art\u0131r\u0131r. H\u0259m\u00e7inin, modul r\u0259fl\u0259r v\u0259 saxlama sisteml\u0259ri ofis sah\u0259sini daha m\u0259hsuldar \u015f\u0259kild\u0259 idar\u0259 etm\u0259y\u0259 k\u00f6m\u0259k edir.<\/span><\/p>\n<h1><b>Populyar modul mebel markalar\u0131<\/b><\/h1>\n<h2><b>Hans\u0131 modul mebel markalar\u0131 m\u0259\u015fhurdur?<\/b><\/h2>\n<p><span style=\"font-weight: 400;\">Modul mebel istehsal\u0131nda ixtisasla\u015fan bir \u00e7ox apar\u0131c\u0131 marka m\u00f6vcuddur. Bu markalar geni\u015f m\u0259hsul \u00e7e\u015fidi, y\u00fcks\u0259k keyfiyy\u0259t v\u0259 innovativ dizaynlar\u0131 il\u0259 se\u00e7ilir. <\/span><b>Modul mebel brendl\u0259ri<\/b><span style=\"font-weight: 400;\"> aras\u0131nda se\u00e7im ed\u0259rk\u0259n i\u015f m\u00fchitinin t\u0259l\u0259bl\u0259ri, b\u00fcdc\u0259 v\u0259 ekoloji dayan\u0131ql\u0131l\u0131q n\u0259z\u0259r\u0259 al\u0131nmal\u0131d\u0131r.<\/span><\/p>\n<h3><b>\u018fn \u00e7ox diqq\u0259t\u0259layiq x\u00fcsusiyy\u0259tl\u0259r<\/b><\/h3>\n<p><span style=\"font-weight: 400;\">M\u00fcasir ofisl\u0259r \u00fc\u00e7\u00fcn n\u0259z\u0259rd\u0259 tutulan b\u0259zi markalar <\/span><b>ekoloji c\u0259h\u0259td\u0259n dayan\u0131ql\u0131 materiallardan<\/b><span style=\"font-weight: 400;\"> istifad\u0259 edir. Dig\u0259r markalar is\u0259 modullar\u0131n daha \u00e7ox f\u0259rdil\u0259\u015fdiril\u0259 bilm\u0259sin\u0259 fokuslan\u0131r. M\u0259s\u0259l\u0259n, bir marka daha \u00e7ox \u00e7evik masalar t\u0259qdim edirs\u0259, dig\u0259ri <\/span><b>modul saxlama h\u0259ll\u0259rind\u0259<\/b><span style=\"font-weight: 400;\"> m\u00fck\u0259mm\u0259lliyi il\u0259 tan\u0131n\u0131r.<\/span><\/p>\n<p><span style=\"font-weight: 400;\">Marka se\u00e7imind\u0259 h\u0259m\u00e7inin servis d\u0259st\u0259yi v\u0259 uzunm\u00fcdd\u0259tli z\u0259man\u0259t d\u0259 \u00f6n\u0259mli amill\u0259rdir. Bu, ofis ehtiyaclar\u0131n\u0131za uy\u011fun \u0259n yax\u015f\u0131 m\u0259hsulu tapma\u011fa k\u00f6m\u0259k ed\u0259c\u0259k.<\/span><\/p>\n<h2><b>Modul mebel \u0259n\u0259n\u0259vi mebeld\u0259n n\u0259 il\u0259 f\u0259rql\u0259nir?<\/b><\/h2>\n<p><b>Modul mebel<\/b><span style=\"font-weight: 400;\"> v\u0259 \u0259n\u0259n\u0259vi mebel aras\u0131nda \u0259sas f\u0259rql\u0259r dizayn v\u0259 funksionall\u0131q bax\u0131m\u0131ndan ortaya \u00e7\u0131x\u0131r. Modul mebel bir-biri il\u0259 rahat uy\u011funla\u015f\u0131r v\u0259 daha minimalistdir, \u0259n\u0259n\u0259vi mebell\u0259r is\u0259 ad\u0259t\u0259n d\u0259st olaraq sat\u0131l\u0131r. \u018fn\u0259n\u0259vi mebel is\u0259 daha \u00e7ox sabitdir v\u0259 bir d\u0259f\u0259 qurulandan sonra d\u0259yi\u015fdirilm\u0259si \u00e7\u0259tindir. Modul mebell\u0259r tez-tez d\u0259yi\u015fiklikl\u0259r etm\u0259k v\u0259 ya n\u0259 zamansa k\u00f6\u00e7\u0259c\u0259yinizi bildiyiniz zaman daha d\u00fczg\u00fcn se\u00e7im ola bil\u0259r.<\/span><\/p>\n<p><span style=\"font-weight: 400;\">Modul mebel ofisl\u0259r \u00fc\u00e7\u00fcn x\u00fcsusil\u0259 uy\u011fundur, \u00e7\u00fcnki o, f\u0259rqli planlara asanl\u0131qla uy\u011funla\u015f\u0131r. H\u0259m\u00e7inin, <\/span><b>modul sisteml\u0259r<\/b><span style=\"font-weight: 400;\"> uzunm\u00fcdd\u0259tli istifad\u0259 zaman\u0131 hiss\u0259l\u0259rin t\u0259miri v\u0259 d\u0259yi\u015fdirilm\u0259si bax\u0131m\u0131ndan daha rahatd\u0131r. \u018fn\u0259n\u0259vi mebel bu bax\u0131mdan daha y\u00fcks\u0259k x\u0259rcl\u0259r\u0259 s\u0259b\u0259b ola bil\u0259r.<\/span><\/p>\n<h3><b>X\u0259rcl\u0259rin m\u00fcqayis\u0259si<\/b><\/h3>\n<p><span style=\"font-weight: 400;\">Modul mebel ba\u015fda nisb\u0259t\u0259n baha g\u00f6r\u00fcn\u0259 bil\u0259r, lakin uzun m\u00fcdd\u0259td\u0259 h\u0259m da\u015f\u0131nmas\u0131 rahat oldu\u011funa g\u00f6r\u0259, h\u0259m d\u0259 daha sa\u011flam oldu\u011funa g\u00f6r\u0259 daha s\u0259rf\u0259lidir. H\u0259m\u00e7inin, h\u0259r hans\u0131 bir hiss\u0259 s\u0131radan \u00e7\u0131xarsa, onu rahatl\u0131qla d\u0259yi\u015fdir\u0259 bil\u0259rsiniz. \u018fn\u0259n\u0259vi mebell\u0259rd\u0259 is\u0259 bu c\u00fcr yenil\u0259nm\u0259l\u0259r daha \u00e7ox x\u0259rc v\u0259 z\u0259hm\u0259t t\u0259l\u0259b edir. <\/span><b>Ofis m\u00fchiti \u00fc\u00e7\u00fcn modul mebel se\u00e7imi<\/b><span style=\"font-weight: 400;\"> h\u0259m innovativ, h\u0259m d\u0259 praktiki yana\u015fmad\u0131r.<\/span><\/p>\n<h2><b>Modul mebell\u0259r\u0259 ofisl\u0259rd\u0259 nec\u0259 qulluq edilm\u0259lidir?<\/b><\/h2>\n<p><span style=\"font-weight: 400;\">Modul mebell\u0259rin uzun\u00f6m\u00fcrl\u00fc olmas\u0131 \u00fc\u00e7\u00fcn d\u00fczg\u00fcn qulluq v\u0259 m\u00fcnt\u0259z\u0259m t\u0259mir vacibdir. Bu mebell\u0259r ad\u0259t\u0259n m\u00fcxt\u0259lif materiallardan \u2013 taxta, metal, plastik v\u0259 ya par\u00e7a \u2013 haz\u0131rlan\u0131r v\u0259 h\u0259r material\u0131n \u00f6z\u00fcn\u0259m\u0259xsus t\u0259mizl\u0259m\u0259 v\u0259 qulluq qaydalar\u0131 var.<\/span><\/p>\n<h3><b>T\u0259mizl\u0259m\u0259 v\u0259 bax\u0131m t\u00f6vsiy\u0259l\u0259ri<\/b><\/h3>\n<ul>\n<li style=\"font-weight: 400;\" aria-level=\"1\"><b>Taxta s\u0259thl\u0259r:<\/b><span style=\"font-weight: 400;\"> Y\u00fcng\u00fcl, n\u0259ml\u0259nmi\u015f par\u00e7a il\u0259 t\u0259mizl\u0259yin. Kimy\u0259vi t\u0259mizl\u0259yicil\u0259rd\u0259n m\u00fcmk\u00fcn q\u0259d\u0259r \u00e7\u0259kinin.<\/span><\/li>\n<li style=\"font-weight: 400;\" aria-level=\"1\"><b>Metal elementl\u0259r:<\/b><span style=\"font-weight: 400;\"> Paslanman\u0131n qar\u015f\u0131s\u0131n\u0131 almaq \u00fc\u00e7\u00fcn vaxta\u015f\u0131r\u0131 quru par\u00e7a il\u0259 silin.<\/span><\/li>\n<li style=\"font-weight: 400;\" aria-level=\"1\"><b>Par\u00e7a \u00f6rt\u00fckl\u0259r:<\/b><span style=\"font-weight: 400;\"> L\u0259k\u0259l\u0259r \u00fc\u00e7\u00fcn x\u00fcsusi par\u00e7a t\u0259mizl\u0259yicil\u0259rd\u0259n istifad\u0259 edin. \u00c7\u0131xar\u0131la bil\u0259n \u00f6rt\u00fckl\u0259ri is\u0259 yuyulma t\u0259limatlar\u0131na uy\u011fun \u015f\u0259kild\u0259 yuyun.<\/span><\/li>\n<\/ul>\n<p><span style=\"font-weight: 400;\">Modul mebelin hiss\u0259l\u0259ri q\u0131r\u0131ld\u0131qda v\u0259 ya k\u00f6hn\u0259ldikd\u0259, yaln\u0131z z\u0259d\u0259l\u0259nmi\u015f modulu d\u0259yi\u015fdirm\u0259k m\u00fcmk\u00fcnd\u00fcr. Bu, b\u00fct\u00f6v mebeli \u0259v\u0259z etm\u0259y\u0259 ehtiyac olmad\u0131\u011f\u0131ndan daha q\u0259na\u0259tlidir.<\/span><\/p>\n<h1><b>N\u0259tic\u0259<\/b><\/h1>\n<p><span style=\"font-weight: 400;\">Modul mebel m\u00fcasir ofisl\u0259r \u00fc\u00e7\u00fcn \u00e7ox\u015fax\u0259li v\u0259 funksional h\u0259ll\u0259r t\u0259qdim edir. Onun \u00e7evik dizayn\u0131, f\u0259rdil\u0259\u015fdiril\u0259 bilm\u0259si v\u0259 uzun\u00f6m\u00fcrl\u00fcl\u00fcy\u00fc h\u0259m i\u015f m\u00fchitinin estetik g\u00f6r\u00fcn\u00fc\u015f\u00fcn\u00fc, h\u0259m d\u0259 m\u0259hsuldarl\u0131\u011f\u0131n\u0131 art\u0131r\u0131r.<\/span><\/p>\n<p><span style=\"font-weight: 400;\">Uzun\u00f6m\u00fcrl\u00fc istifad\u0259 \u00fc\u00e7\u00fcn d\u00fczg\u00fcn qulluq v\u0259 t\u0259mizlik qaydalar\u0131na riay\u0259t etm\u0259k vacibdir. Modul mebel, h\u0259m\u00e7inin i\u015f\u00e7il\u0259r aras\u0131nda \u0259m\u0259kda\u015fl\u0131\u011f\u0131 t\u0259\u015fviq ed\u0259r\u0259k, rahat v\u0259 dinamik bir i\u015f m\u00fchiti yarad\u0131r.<\/span><\/p>\n<p><span style=\"font-weight: 400;\">\u0130nnovativ dizayn h\u0259ll\u0259rin\u0259 v\u0259 ofis ehtiyaclar\u0131na uy\u011fun <\/span><b>modul mebel se\u00e7imi<\/b><span style=\"font-weight: 400;\">, h\u0259m estetik, h\u0259m d\u0259 funksional bax\u0131mdan \u015firk\u0259tiniz \u00fc\u00e7\u00fcn u\u011furlu bir s\u0259rmay\u0259 olacaqd\u0131r.<\/span><\/p>","protected":false},"excerpt":{"rendered":"<p>Modul mebel n\u0259dir? Modul mebel \u2014 t\u0259k par\u00e7adan ibar\u0259t olmayan, bir-biri il\u0259 uy\u011funla\u015fa bil\u0259n v\u0259 ist\u0259nil\u0259n zaman yenid\u0259n t\u0259rtib edil\u0259 bil\u0259n mebel n\u00f6v\u00fcd\u00fcr. Bu mebell\u0259r bir ne\u00e7\u0259 ki\u00e7ik b\u00f6lm\u0259d\u0259n (moduldan) ibar\u0259t olur v\u0259 f\u0259rqli ehtiyaclara g\u00f6r\u0259 asanl\u0131qla d\u0259yi\u015fdiril\u0259 bil\u0259r. Modul mebell\u0259rin x\u00fcsusiyy\u0259tl\u0259ri aras\u0131nda \u00e7eviklik, funksionall\u0131q v\u0259 istifad\u0259nin rahatl\u0131\u011f\u0131 \u00f6n\u0259mli yer tutur. Onlar h\u0259m evd\u0259, h\u0259m [&hellip;]<\/p>","protected":false},"author":2,"featured_media":0,"comment_status":"open","ping_status":"open","sticky":false,"template":"","format":"standard","meta":{"footnotes":""},"categories":[1],"tags":[],"class_list":["post-7501","post","type-post","status-publish","format-standard","hentry","category-bloq"],"_links":{"self":[{"href":"https:\/\/proven.az\/en\/wp-json\/wp\/v2\/posts\/7501","targetHints":{"allow":["GET"]}}],"collection":[{"href":"https:\/\/proven.az\/en\/wp-json\/wp\/v2\/posts"}],"about":[{"href":"https:\/\/proven.az\/en\/wp-json\/wp\/v2\/types\/post"}],"author":[{"embeddable":true,"href":"https:\/\/proven.az\/en\/wp-json\/wp\/v2\/users\/2"}],"replies":[{"embeddable":true,"href":"https:\/\/proven.az\/en\/wp-json\/wp\/v2\/comments?post=7501"}],"version-history":[{"count":2,"href":"https:\/\/proven.az\/en\/wp-json\/wp\/v2\/posts\/7501\/revisions"}],"predecessor-version":[{"id":7503,"href":"https:\/\/proven.az\/en\/wp-json\/wp\/v2\/posts\/7501\/revisions\/7503"}],"wp:attachment":[{"href":"https:\/\/proven.az\/en\/wp-json\/wp\/v2\/media?parent=7501"}],"wp:term":[{"taxonomy":"category","embeddable":true,"href":"https:\/\/proven.az\/en\/wp-json\/wp\/v2\/categories?post=7501"},{"taxonomy":"post_tag","embeddable":true,"href":"https:\/\/proven.az\/en\/wp-json\/wp\/v2\/tags?post=7501"}],"curies":[{"name":"wp","href":"https:\/\/api.w.org\/{rel}","templated":true}]}}